{"id":2619,"date":"2023-03-02T14:28:36","date_gmt":"2023-03-02T13:28:36","guid":{"rendered":"https:\/\/www.caritasgaeta.it\/?p=2619"},"modified":"2023-03-02T14:28:36","modified_gmt":"2023-03-02T13:28:36","slug":"quaresima-di-carita-2023","status":"publish","type":"post","link":"https:\/\/www.arcidiocesigaeta.it\/caritas\/quaresima-di-carita-2023\/","title":{"rendered":"Quaresima di Carit\u00e0 2023"},"content":{"rendered":"<p>[vc_row][vc_column][vc_column_text]<\/p>\n<h1 style=\"text-align: center\"><strong>\u201cEMERGENZA TERREMOTO\u201d<\/strong><\/h1>\n<h3 style=\"text-align: center\"><strong>QUARESIMA DI CARIT<\/strong><strong>\u00c0<\/strong><strong> 2023<\/strong><\/h3>\n<p><strong><em>&nbsp;<\/em><\/strong><\/p>\n<p>Carissimi parroci, consigli pastorali e animatori dei Centri di Ascolto,<\/p>\n<p>il recente terremoto in Turchia e Siria \u00e8 stata una catastrofe naturale che ha colpito un territorio molto vasto e gi\u00e0 molto provato. Pensiamo alla tragedia della Siria, martoriata da un decennio di guerra che ha prodotto oltre 500.000 morti e oltre 7 milioni di sfollati interni e che vive oggi anche il dramma dei crolli di molte abitazioni a causa del sisma.<\/p>\n<p>Il disastro \u00e8 evidente e si va ad aggiungere ad un\u2019economia gi\u00e0 provata. Molti dei primi aiuti fanno fatica anche ad arrivare, perch\u00e9 la rete di emergenza dei paesi convolti \u00e8 al limite del disastroso. Alcune parti del territorio colpito, poi, non sono nemmeno controllate dai governi centrali e, in entrambi i paesi coinvolti, si sta utilizzando la catastrofe come arma militare e politica, a danno dei miseri, come sempre accade.<\/p>\n<p>Sia in Turchia che in Siria la Caritas locale si \u00e8 immediatamente attivata, ma ci avvisano che l\u2019emergenza vera sar\u00e0 nei prossimi mesi, quando la prima fase di sgomento sar\u00e0 terminata e quando le linee di comunicazione saranno ripristinate. Attenzione particolare &#8211; ci chiedono mons. Paolo Bizzeti, Caritas Turchia, e il card. Mario Zenari, Nunzio apostolico in Siria &#8211; a non pensare di scavalcare la filiera di comunicazione con Caritas italiana, che si organizza nell\u2019ambito di Caritas Internationalis, giacch\u00e9 molte organizzazioni che si presentano come collegate alle caritas locali, lo fanno per scopi di speculazione, oltre al fatto che la dispersione degli sforzi colpir\u00e0 necessariamente l\u2019efficacia dell\u2019aiuto.<\/p>\n<p>Aderendo all\u2019appello di Caritas nazionale, presente sui luoghi del disastro con due propri operatori, quest\u2019anno la quaresima di carit\u00e0 sar\u00e0 dedicata all\u2019emergenza terremoto e spostata di una settimana rispetto alla data solita, perci\u00f2:<\/p>\n<h2>&nbsp;<\/h2>\n<h2 style=\"text-align: center\"><span style=\"color: #ff0000\"><strong>La raccolta si svolger\u00e0 in tutte le parrocchie domenica 26 marzo 2023<\/strong><\/span><\/h2>\n<h2 style=\"text-align: center\"><span style=\"color: #ff0000\"><strong>V Domenica di Quaresima<\/strong><\/span><\/h2>\n<p style=\"text-align: center\">Il contributo pu\u00f2 essere versato direttamente all\u2019economato diocesano o sul conto corrente intestato a<\/p>\n<p style=\"text-align: center\"><strong>Arcidiocesi di Gaeta \u2013 Progetti Caritas<\/strong><\/p>\n<p style=\"text-align: center\"><strong>IT43K 07017 73970 000 000 142 789<\/strong><\/p>\n<p style=\"text-align: center\">con causale <em>\u201cEmergenza Terremoto\u201d<\/em><\/p>\n<p><img loading=\"lazy\" decoding=\"async\" class=\"aligncenter size-full wp-image-2620\" src=\"http:\/\/www.arcidiocesigaeta.it\/caritas\/wp-content\/uploads\/sites\/9\/2023\/03\/quaresima_carita_2023.png\" alt=\"\" width=\"6250\" height=\"4420\" srcset=\"https:\/\/www.arcidiocesigaeta.it\/caritas\/wp-content\/uploads\/sites\/9\/2023\/03\/quaresima_carita_2023.png 6250w, https:\/\/www.arcidiocesigaeta.it\/caritas\/wp-content\/uploads\/sites\/9\/2023\/03\/quaresima_carita_2023-300x212.png 300w, https:\/\/www.arcidiocesigaeta.it\/caritas\/wp-content\/uploads\/sites\/9\/2023\/03\/quaresima_carita_2023-1024x724.png 1024w, https:\/\/www.arcidiocesigaeta.it\/caritas\/wp-content\/uploads\/sites\/9\/2023\/03\/quaresima_carita_2023-768x543.png 768w, https:\/\/www.arcidiocesigaeta.it\/caritas\/wp-content\/uploads\/sites\/9\/2023\/03\/quaresima_carita_2023-1536x1086.png 1536w, https:\/\/www.arcidiocesigaeta.it\/caritas\/wp-content\/uploads\/sites\/9\/2023\/03\/quaresima_carita_2023-2048x1448.png 2048w\" sizes=\"auto, (max-width: 6250px) 100vw, 6250px\" \/><\/p>\n<p>&nbsp;<\/p>\n<p>&nbsp;<\/p>\n<p>[vc_separator][vc_column_text]<strong>ALLEGATI<\/strong>[\/vc_column_text][vc_raw_html]JTVCd3BkbV9wYWNrYWdlJTIwaWQlM0QlMjcyNjI3JTI3JTVE[\/vc_raw_html][vc_raw_html]JTVCd3BkbV9wYWNrYWdlJTIwaWQlM0QlMjcyNjI4JTI3JTVE[\/vc_raw_html][\/vc_column][\/vc_row]<\/p>\n","protected":false},"excerpt":{"rendered":"<p>Quaresima di Carit\u00e0, la colletta diocesana per sostenere le popolazioni terremotate della Turchia e della Siria.<\/p>\n","protected":false},"author":1,"featured_media":2620,"comment_status":"closed","ping_status":"closed","sticky":false,"template":"","format":"standard","meta":{"footnotes":""},"categories":[2,64],"tags":[],"class_list":["post-2619","post","type-post","status-publish","format-standard","has-post-thumbnail","hentry","category-articoli","category-news"],"acf":[],"_links":{"self":[{"href":"https:\/\/www.arcidiocesigaeta.it\/caritas\/wp-json\/wp\/v2\/posts\/2619","targetHints":{"allow":["GET"]}}],"collection":[{"href":"https:\/\/www.arcidiocesigaeta.it\/caritas\/wp-json\/wp\/v2\/posts"}],"about":[{"href":"https:\/\/www.arcidiocesigaeta.it\/caritas\/wp-json\/wp\/v2\/types\/post"}],"author":[{"embeddable":true,"href":"https:\/\/www.arcidiocesigaeta.it\/caritas\/wp-json\/wp\/v2\/users\/1"}],"replies":[{"embeddable":true,"href":"https:\/\/www.arcidiocesigaeta.it\/caritas\/wp-json\/wp\/v2\/comments?post=2619"}],"version-history":[{"count":0,"href":"https:\/\/www.arcidiocesigaeta.it\/caritas\/wp-json\/wp\/v2\/posts\/2619\/revisions"}],"wp:featuredmedia":[{"embeddable":true,"href":"https:\/\/www.arcidiocesigaeta.it\/caritas\/wp-json\/wp\/v2\/media\/2620"}],"wp:attachment":[{"href":"https:\/\/www.arcidiocesigaeta.it\/caritas\/wp-json\/wp\/v2\/media?parent=2619"}],"wp:term":[{"taxonomy":"category","embeddable":true,"href":"https:\/\/www.arcidiocesigaeta.it\/caritas\/wp-json\/wp\/v2\/categories?post=2619"},{"taxonomy":"post_tag","embeddable":true,"href":"https:\/\/www.arcidiocesigaeta.it\/caritas\/wp-json\/wp\/v2\/tags?post=2619"}],"curies":[{"name":"wp","href":"https:\/\/api.w.org\/{rel}","templated":true}]}}