{"id":2832,"date":"2025-03-20T14:23:16","date_gmt":"2025-03-20T13:23:16","guid":{"rendered":"https:\/\/www.caritasgaeta.it\/?p=2832"},"modified":"2025-05-15T09:28:40","modified_gmt":"2025-05-15T07:28:40","slug":"inequita-planetaria","status":"publish","type":"post","link":"https:\/\/www.arcidiocesigaeta.it\/caritas\/inequita-planetaria\/","title":{"rendered":"Inequit\u00e0 Planetaria"},"content":{"rendered":"<p>La Caritas Diocesana di Gaeta ha avviato nel 2024 un percorso di formazione dedicato al tema dell&#8217;ecologia integrale, ispirato dall&#8217;enciclica <em>Laudato si&#8217; <\/em>di Papa Francesco, che esorta alla cura della <em>Casa Comune<\/em>. L\u2019obiettivo di questo percorso \u00e8 sensibilizzare i partecipanti riguardo le interconnessioni tra crisi ambientale, disuguaglianze sociali ed economiche, e proporre azioni concrete per costruire una societ\u00e0 pi\u00f9 giusta e sostenibile. Il percorso \u00e8 rivolto principalmente ai volontari della Caritas, ma \u00e8 aperto a tutti i cittadini che vogliano diventare protagonisti del cambiamento, attraverso una formazione che unisce la riflessione teorica alla pratica quotidiana.<\/p>\n<p>Il percorso \u00e8 strutturato in quattro appuntamenti. Il primo ha avuto luogo lo scorso 6 dicembre a Fondi, introducendo il tema dell\u2019ecologia integrale ponendo l\u2019attenzione allo stato attuale della nostra <em>Casa Comune<\/em>, guidati dal prof. Alessio Valente, dell\u2019Universit\u00e0 degli Studi del Sannio di Benevento e vicedirettore dell\u2019Ufficio di Pastorale Sociale e del Lavoro della diocesi di Gaeta. Ci ha fornito spunti di riflessione sulle cause profonde delle crisi ecologica e sociale, nonch\u00e9 sull&#8217;urgenza di adottare un nuovo modello di sviluppo che metta al centro la persona e la sua relazione con la natura.<\/p>\n<p>Il secondo incontro, dal titolo <strong><em>Inequit\u00e0 Planetaria<\/em><\/strong>, si terr\u00e0 il <strong>29 marzo 2025<\/strong> presso la <strong>sala San Probo della parrocchia Sant\u2019Erasmo V.M. di Formia<\/strong>, che vedr\u00e0 come relatore Massimo Pallottino di Caritas Italiana. Questo secondo incontro si concentrer\u00e0 sulla dimensione sociale dell\u2019ecologia integrale, sulle disuguaglianze e le ingiustizie sociali generate dal degrado ambientale. Dunque, si far\u00e0 riferimento a come le comunit\u00e0 pi\u00f9 vulnerabili, spesso quelle con meno risorse, siano le pi\u00f9 colpite dagli effetti negativi dell&#8217;inquinamento, della deforestazione e dei cambiamenti climatici. Ingiustizie che non solo compromettono la qualit\u00e0 della vita, ma possono anche esacerbare le disuguaglianze economiche e sociali, creando un ciclo difficile da rompere. Potremmo esplorare come le politiche ecologiche possano essere progettate per affrontare queste disuguaglianze, promuovendo un approccio pi\u00f9 equo e sostenibile. \u00c8 fondamentale che le soluzioni ambientali assicurino a tutti la possibilit\u00e0 beneficiare di un ambiente sano e sostenibile.<\/p>\n<p>Il terzo incontro si terr\u00e0 il 16 maggio a Fondi con ospite Leonardo Becchetti e avr\u00e0 a tema l\u2019attuazione di un\u2019economia sostenibile. In questo incontro ci saranno presentati modelli alternativi che pongano al centro la solidariet\u00e0 e il benessere collettivo. Infine, nel quarto ed ultimo incontro, che avr\u00e0 luogo a Formia il prossimo 4 ottobre, affronter\u00e0 il tema della spiritualit\u00e0 ecologica che implica un profondo cambiamento interiore e chiede un impegno concreto per la cura dell\u2019ambiente, stimolando una relazione armoniosa tra natura e uomo.<\/p>\n<p>La Caritas invita tutti a partecipare a questo percorso formativo per diventare insieme protagonisti di un cambiamento necessario per crescere, riflettere e agire insieme per il bene comune.<\/p>\n<p>&nbsp;<\/p>\n","protected":false},"excerpt":{"rendered":"<p>La Caritas Diocesana di Gaeta ha avviato nel 2024 un percorso di formazione dedicato al tema dell&#8217;ecologia integrale, ispirato dall&#8217;enciclica Laudato si&#8217; di Papa Francesco, che esorta alla cura della Casa Comune. L\u2019obiettivo di questo percorso \u00e8 sensibilizzare i partecipanti riguardo le interconnessioni tra crisi ambientale, disuguaglianze sociali ed economiche, e proporre azioni concrete per [&hellip;]<\/p>\n","protected":false},"author":1,"featured_media":2843,"comment_status":"closed","ping_status":"closed","sticky":false,"template":"","format":"standard","meta":{"footnotes":""},"categories":[2,64],"tags":[],"class_list":["post-2832","post","type-post","status-publish","format-standard","has-post-thumbnail","hentry","category-articoli","category-news"],"acf":[],"_links":{"self":[{"href":"https:\/\/www.arcidiocesigaeta.it\/caritas\/wp-json\/wp\/v2\/posts\/2832","targetHints":{"allow":["GET"]}}],"collection":[{"href":"https:\/\/www.arcidiocesigaeta.it\/caritas\/wp-json\/wp\/v2\/posts"}],"about":[{"href":"https:\/\/www.arcidiocesigaeta.it\/caritas\/wp-json\/wp\/v2\/types\/post"}],"author":[{"embeddable":true,"href":"https:\/\/www.arcidiocesigaeta.it\/caritas\/wp-json\/wp\/v2\/users\/1"}],"replies":[{"embeddable":true,"href":"https:\/\/www.arcidiocesigaeta.it\/caritas\/wp-json\/wp\/v2\/comments?post=2832"}],"version-history":[{"count":2,"href":"https:\/\/www.arcidiocesigaeta.it\/caritas\/wp-json\/wp\/v2\/posts\/2832\/revisions"}],"predecessor-version":[{"id":2864,"href":"https:\/\/www.arcidiocesigaeta.it\/caritas\/wp-json\/wp\/v2\/posts\/2832\/revisions\/2864"}],"wp:featuredmedia":[{"embeddable":true,"href":"https:\/\/www.arcidiocesigaeta.it\/caritas\/wp-json\/wp\/v2\/media\/2843"}],"wp:attachment":[{"href":"https:\/\/www.arcidiocesigaeta.it\/caritas\/wp-json\/wp\/v2\/media?parent=2832"}],"wp:term":[{"taxonomy":"category","embeddable":true,"href":"https:\/\/www.arcidiocesigaeta.it\/caritas\/wp-json\/wp\/v2\/categories?post=2832"},{"taxonomy":"post_tag","embeddable":true,"href":"https:\/\/www.arcidiocesigaeta.it\/caritas\/wp-json\/wp\/v2\/tags?post=2832"}],"curies":[{"name":"wp","href":"https:\/\/api.w.org\/{rel}","templated":true}]}}