{"id":293,"date":"2018-10-12T15:23:59","date_gmt":"2018-10-12T13:23:59","guid":{"rendered":"https:\/\/www.caritasgaeta.it\/?p=293"},"modified":"2018-10-12T15:23:59","modified_gmt":"2018-10-12T13:23:59","slug":"caritas-diocesana-di-gaeta-successo-per-la-presentazione-del-sito-web-e-dei-progetti-di-inclusione","status":"publish","type":"post","link":"https:\/\/www.arcidiocesigaeta.it\/caritas\/caritas-diocesana-di-gaeta-successo-per-la-presentazione-del-sito-web-e-dei-progetti-di-inclusione\/","title":{"rendered":"Caritas diocesana di Gaeta, successo per la presentazione del sito web e dei progetti di inclusione"},"content":{"rendered":"<blockquote>\n<h2>Il direttore Micalusi, \u201cl\u2019auspicio \u00e8 fare sempre meglio, senza distinzione di etnia, sesso, et\u00e0\u201d<\/h2>\n<\/blockquote>\n<p>\u00c8 stato un pomeriggio di novit\u00e0 e condivisione, quello dello scorso 8 ottobre. L\u2019\u00e9quipe Caritas diocesana di Gaeta ha incontrato gli operatori e le operatrici delle Caritas parrocchiali nella chiesa del Sacro Cuore di Ges\u00f9 di Formia, per presentare i nuovi servizi e progetti.<\/p>\n<p>Di fronte a una platea folta e attenta sono intervenuti Don Alfredo Micalusi, direttore, Don Giuseppe Di Mario, vicedirettore, la dott.ssa Ilaria Ottaviani, responsabile dell\u2019Osservatorio delle Povert\u00e0 e delle Risorse, la dott.ssa Assunta Paone, responsabile amministrativo e la dott.ssa Miriam Jarrett, responsabile della comunicazione, il dott. Carlo Tucciello, segretario CDAL, coordinatore del Tavolo di lavoro di contrasto all\u2019azzardo.<\/p>\n<p>Tra le novit\u00e0 presentate luned\u00ec ci sono: la Carta dei Servizi Caritas 2018-2019, uno strumento utile a tutti gli operatori Caritas che illustra la tipologia dei servizi e ne indica le modalit\u00e0 di accesso; il nuovo sito web\u00a0www.caritasgaeta.it, una piattaforma di condivisione che permette all&#8217;utente online di restare aggiornato, nonch\u00e9 di registrarsi e condividere le proprie esperienze; CARITerre, il progetto di agricoltura sociale che prevede l\u2019attivazione di percorsi formativi e di inclusione attiva per persone in condizioni di svantaggio socio-economico. Inoltre sono stati comunicati tutti gli aggiornamenti ai servizi e ai progetti gi\u00e0 avviati dalla Caritas diocesana, tra cui quelli del Tavolo di lavoro per il contrasto all\u2019azzardo, che prosegue con gli incontri di sensibilizzazione nelle scuole, l\u2019istallazione di tende del buon gioco e l\u2019organizzazione della Giornata del Buon Gioco.<\/p>\n<p>A tal proposito \u00e8 stata ufficializzata la giornata \u201cInsieme per dire che l\u2019azzardo \u00e8 una dipendenza\u201d, prevista per domenica 21 ottobre alle 9.30 a Gaeta, presso il lido \u201cLa Perla\u201d in via Marina di Serapo. L\u2019evento di sensibilizzazione del territorio, promosso dall\u2019Arcidiocesi di Gaeta attraverso la Caritas diocesana, Libera Presidio Sud-Pontino e il Comune di Gaeta, vedr\u00e0 l\u2019intervento di Gianni Forte, neurobiologo delle dipendenze, la partecipazione del Circolo degli Scacchisti del Golfo e dei giovani artisti Dario Calderone, Luca Agostini e Marco Campana.<\/p>\n<p>\u00abSono molto importanti gli incontri tra Caritas diocesana e Caritas parrocchiali \u2013 spiega il direttore don Alfredo Micalusi \u2013 perch\u00e9 ci permettono di confrontarci sul modus operandi, sulle criticit\u00e0 e le necessit\u00e0 del nostro territorio. Quello dell\u2019otto ottobre \u00e8 stato un incontro proficuo, caratterizzato da una massiccia partecipazione e questo ci riempie il cuore. Con l\u2019\u00e9quipe stiamo lavorando senza sosta al monitoraggio, alla progettazione e al network\u00bb.<\/p>\n<p>\u00abIl mio auspicio \u2013 conclude il direttore Caritas diocesana di Gaeta &#8211; \u00e8 quello di fare sempre meglio e di arrivare a tutta la comunit\u00e0 diocesana. Soprattutto a chi ha bisogno di aiuto, dal supporto economico a quello morale e spirituale, senza distinzione di etnia, sesso, et\u00e0, come prevede la nostra mission Caritas\u00bb.<\/p>\n<p>&nbsp;<\/p>\n<h5 style=\"text-align: right\">Miriam Jarrett<br \/>\nMembro d\u2019\u00e9quipe Caritas diocesana<\/h5>\n","protected":false},"excerpt":{"rendered":"<p>Il direttore Micalusi, \u201cl\u2019auspicio \u00e8 fare sempre meglio, senza distinzione di etnia, sesso, et\u00e0\u201d \u00c8 stato un pomeriggio di novit\u00e0 e condivisione, quello dello scorso 8 ottobre. L\u2019\u00e9quipe Caritas diocesana di Gaeta ha incontrato gli operatori e le operatrici delle Caritas parrocchiali nella chiesa del Sacro Cuore di Ges\u00f9 di Formia, per presentare i nuovi [&hellip;]<\/p>\n","protected":false},"author":1,"featured_media":292,"comment_status":"open","ping_status":"open","sticky":false,"template":"","format":"standard","meta":{"footnotes":""},"categories":[2],"tags":[3,4,5,6,7,8,9],"class_list":["post-293","post","type-post","status-publish","format-standard","has-post-thumbnail","hentry","category-articoli","tag-caritas","tag-caritasdigaeta","tag-diocesidigaeta","tag-formia","tag-newscaritas","tag-sacrocuorevindicio","tag-sitoweb"],"acf":[],"_links":{"self":[{"href":"https:\/\/www.arcidiocesigaeta.it\/caritas\/wp-json\/wp\/v2\/posts\/293","targetHints":{"allow":["GET"]}}],"collection":[{"href":"https:\/\/www.arcidiocesigaeta.it\/caritas\/wp-json\/wp\/v2\/posts"}],"about":[{"href":"https:\/\/www.arcidiocesigaeta.it\/caritas\/wp-json\/wp\/v2\/types\/post"}],"author":[{"embeddable":true,"href":"https:\/\/www.arcidiocesigaeta.it\/caritas\/wp-json\/wp\/v2\/users\/1"}],"replies":[{"embeddable":true,"href":"https:\/\/www.arcidiocesigaeta.it\/caritas\/wp-json\/wp\/v2\/comments?post=293"}],"version-history":[{"count":0,"href":"https:\/\/www.arcidiocesigaeta.it\/caritas\/wp-json\/wp\/v2\/posts\/293\/revisions"}],"wp:featuredmedia":[{"embeddable":true,"href":"https:\/\/www.arcidiocesigaeta.it\/caritas\/wp-json\/wp\/v2\/media\/292"}],"wp:attachment":[{"href":"https:\/\/www.arcidiocesigaeta.it\/caritas\/wp-json\/wp\/v2\/media?parent=293"}],"wp:term":[{"taxonomy":"category","embeddable":true,"href":"https:\/\/www.arcidiocesigaeta.it\/caritas\/wp-json\/wp\/v2\/categories?post=293"},{"taxonomy":"post_tag","embeddable":true,"href":"https:\/\/www.arcidiocesigaeta.it\/caritas\/wp-json\/wp\/v2\/tags?post=293"}],"curies":[{"name":"wp","href":"https:\/\/api.w.org\/{rel}","templated":true}]}}