{"id":2974,"date":"2025-05-08T09:28:17","date_gmt":"2025-05-08T07:28:17","guid":{"rendered":"https:\/\/www.arcidiocesigaeta.it\/caritas\/?p=2974"},"modified":"2025-05-15T09:28:44","modified_gmt":"2025-05-15T07:28:44","slug":"cambiare-modello-di-sviluppo-si-puo","status":"publish","type":"post","link":"https:\/\/www.arcidiocesigaeta.it\/caritas\/cambiare-modello-di-sviluppo-si-puo\/","title":{"rendered":"CAMBIARE MODELLO DI SVILUPPO: SI PUO\u2019!"},"content":{"rendered":"<p>La Caritas Diocesana di Gaeta ha avviato nel 2024 un percorso di formazione dedicato al tema dell\u2019ecologia integrale, ispirato dall\u2019enciclica <em>Laudato si\u2019\u00a0<\/em>di Papa Francesco, che esorta alla cura della\u00a0<em>Casa Comune<\/em>. L\u2019obiettivo di questo percorso \u00e8 sensibilizzare i partecipanti riguardo le interconnessioni tra crisi ambientale, disuguaglianze sociali ed economiche, e proporre azioni concrete per costruire una societ\u00e0 pi\u00f9 giusta e sostenibile. Il percorso \u00e8 rivolto principalmente ai volontari della Caritas, ma \u00e8 aperto a tutti i cittadini che vogliano diventare protagonisti del cambiamento, attraverso una formazione che unisce la riflessione teorica alla pratica quotidiana.<\/p>\n<p>Il percorso \u00e8 strutturato in quattro appuntamenti. Il primo ha avuto luogo lo scorso 6 dicembre a Fondi, introducendo il tema dell\u2019ecologia integrale ponendo l\u2019attenzione allo stato attuale della nostra\u00a0<em>Casa Comune<\/em>. Il secondo incontro, dal titolo\u00a0<em>Inequit\u00e0 Planetaria<\/em>, si \u00e8 tenuto il 29 marzo 2025 a Formia. Con Massimo Pallottino di Caritas Italiana si \u00e8 parlato della dimensione sociale dell\u2019ecologia integrale, sulle disuguaglianze e le ingiustizie sociali generate dal degrado ambientale.<\/p>\n<p>Il terzo incontro si terr\u00e0 il 16 maggio a Fondi con ospite Leonardo Becchetti e avr\u00e0 a tema l\u2019attuazione di un\u2019economia sostenibile. In questo incontro ci saranno presentati modelli alternativi che pongano al centro la solidariet\u00e0 e il benessere collettivo.<\/p>\n<p>Infine, nel quarto ed ultimo incontro, che avr\u00e0 luogo a Formia il prossimo 4 ottobre, affronter\u00e0 il tema della spiritualit\u00e0 ecologica che implica un profondo cambiamento interiore e chiede un impegno concreto per la cura dell\u2019ambiente, stimolando una relazione armoniosa tra natura e uomo.<\/p>\n<p>La Caritas invita tutti a partecipare a questo percorso formativo per diventare insieme protagonisti di un cambiamento necessario per crescere, riflettere e agire insieme per il bene comune.<\/p>\n<p><a href=\"http:\/\/www.arcidiocesigaeta.it\/caritas\/wp-content\/uploads\/sites\/9\/2025\/05\/2025-05-16_Locandina-LAUDATO-SI-1.jpeg\" data-rel=\"lightbox-image-0\" data-rl_title=\"\" data-rl_caption=\"\" title=\"\"><img loading=\"lazy\" decoding=\"async\" class=\"alignnone size-thumbnail wp-image-2976\" src=\"http:\/\/www.arcidiocesigaeta.it\/caritas\/wp-content\/uploads\/sites\/9\/2025\/05\/2025-05-16_Locandina-LAUDATO-SI-1-150x150.jpeg\" alt=\"\" width=\"150\" height=\"150\" \/><\/a><\/p>\n","protected":false},"excerpt":{"rendered":"<p>La Caritas Diocesana di Gaeta ha avviato nel 2024 un percorso di formazione dedicato al tema dell\u2019ecologia integrale, ispirato dall\u2019enciclica Laudato si\u2019\u00a0di Papa Francesco, che esorta alla cura della\u00a0Casa Comune. L\u2019obiettivo di questo percorso \u00e8 sensibilizzare i partecipanti riguardo le interconnessioni tra crisi ambientale, disuguaglianze sociali ed economiche, e proporre azioni concrete per costruire una [&hellip;]<\/p>\n","protected":false},"author":1,"featured_media":2975,"comment_status":"closed","ping_status":"closed","sticky":true,"template":"","format":"standard","meta":{"footnotes":""},"categories":[2,64],"tags":[],"class_list":["post-2974","post","type-post","status-publish","format-standard","has-post-thumbnail","hentry","category-articoli","category-news"],"acf":[],"_links":{"self":[{"href":"https:\/\/www.arcidiocesigaeta.it\/caritas\/wp-json\/wp\/v2\/posts\/2974","targetHints":{"allow":["GET"]}}],"collection":[{"href":"https:\/\/www.arcidiocesigaeta.it\/caritas\/wp-json\/wp\/v2\/posts"}],"about":[{"href":"https:\/\/www.arcidiocesigaeta.it\/caritas\/wp-json\/wp\/v2\/types\/post"}],"author":[{"embeddable":true,"href":"https:\/\/www.arcidiocesigaeta.it\/caritas\/wp-json\/wp\/v2\/users\/1"}],"replies":[{"embeddable":true,"href":"https:\/\/www.arcidiocesigaeta.it\/caritas\/wp-json\/wp\/v2\/comments?post=2974"}],"version-history":[{"count":1,"href":"https:\/\/www.arcidiocesigaeta.it\/caritas\/wp-json\/wp\/v2\/posts\/2974\/revisions"}],"predecessor-version":[{"id":2977,"href":"https:\/\/www.arcidiocesigaeta.it\/caritas\/wp-json\/wp\/v2\/posts\/2974\/revisions\/2977"}],"wp:featuredmedia":[{"embeddable":true,"href":"https:\/\/www.arcidiocesigaeta.it\/caritas\/wp-json\/wp\/v2\/media\/2975"}],"wp:attachment":[{"href":"https:\/\/www.arcidiocesigaeta.it\/caritas\/wp-json\/wp\/v2\/media?parent=2974"}],"wp:term":[{"taxonomy":"category","embeddable":true,"href":"https:\/\/www.arcidiocesigaeta.it\/caritas\/wp-json\/wp\/v2\/categories?post=2974"},{"taxonomy":"post_tag","embeddable":true,"href":"https:\/\/www.arcidiocesigaeta.it\/caritas\/wp-json\/wp\/v2\/tags?post=2974"}],"curies":[{"name":"wp","href":"https:\/\/api.w.org\/{rel}","templated":true}]}}