{"id":533,"date":"2018-12-10T14:38:54","date_gmt":"2018-12-10T13:38:54","guid":{"rendered":"https:\/\/www.caritasgaeta.it\/?p=533"},"modified":"2018-12-10T14:38:54","modified_gmt":"2018-12-10T13:38:54","slug":"torna-lavvento-della-fraternita","status":"publish","type":"post","link":"https:\/\/www.arcidiocesigaeta.it\/caritas\/torna-lavvento-della-fraternita\/","title":{"rendered":"Torna l&#8217;Avvento della Fraternit\u00e0"},"content":{"rendered":"<p><em>La Caritas e la pastorale giovanile insieme per sensibilizzare sui temi delle varie povert\u00e0<\/em><\/p>\n<figure id=\"attachment_534\" aria-describedby=\"caption-attachment-534\" style=\"width: 640px\" class=\"wp-caption aligncenter\"><img loading=\"lazy\" decoding=\"async\" class=\"size-medium wp-image-534\" src=\"https:\/\/www.caritasgaeta.it\/wp-content\/uploads\/2018\/12\/foto-avvento-640x480.jpg\" alt=\"\" width=\"640\" height=\"480\" \/><figcaption id=\"caption-attachment-534\" class=\"wp-caption-text\"><em>Volontari in missione<\/em><\/figcaption><\/figure>\n<p>&nbsp;<\/p>\n<p>La Caritas non pu\u00f2 restare in silenzio davanti alle ingiustizie che ogni giorno il sistema economico finanziario continua a perpetrare. Non u\u00f2 tacere davanti al grido di aiuto degli ultimi della terra.<\/p>\n<p>Per l&#8217;\u201cAvvento di Fraternit\u00e0\u201d, la Caritas diocesana di Gaeta intende avvicinarsi ai fratelli e alle sorelle del lontano Congo che, nel silenzio quasi assoluto dei media ufficiali, versano in gravissime condizioni. L\u2019input \u00e8 arrivato da papa Francesco lo scorso 23 febbraio, il quale ha richiamato l\u2019attenzione sulla Repubblica Democratica del Congo. La Caritas, in questo tempo caotico, dove si registra una crescente intolleranza e chiusura verso i migranti, vuole incoraggiare le comunit\u00e0 cristiane a quella fedelt\u00e0 al vangelo che fa dell\u2019accoglienza dello straniero, uno dei precetti pi\u00f9 antichi e assoluti, fedelt\u00e0 che motiva i tanti sforzi che quotidianamente gli operatori fanno con impegno e con gioia. Ma la Caritas vuole anche richiamare la societ\u00e0 civile ad uno sguardo onesto sulle cause dei fenomeni migratori che troppo spesso sono da attribuire a responsabilit\u00e0 politiche dei paesi maggiormente sviluppati. La ricchezza dell\u2019Africa purtroppo coincide con la sua maledizione: dove abbondano le ricchezze abbonda anche la miseria, la violenza e la guerra. No, l\u2019Africa non \u00e8 affatto un continente povero, \u00e8 un continente impoverito, e la contraddizione dell\u2019Occidente, per lo pi\u00f9 cristiano, \u00e8 che depreda le risorse dei poveri ma non vuole i poveri. La politica italiana poi, con l\u2019attuale e con i precedenti governi, ipocritamente, mette in atto provvedimenti vergognosi e disumani che contravvengono al vangelo e alla costituzione.<\/p>\n<p>La guerra in Congo, sebbene si combatta da 20 anni, non fa notizia, \u00e8 considerata lontana, quasi non ci riguardasse. Le vere ragioni del conflitto invece, hanno a che fare con i minerali di cui questo territorio \u00e8 ricco. La guerra nel Congo rappresenta la pi\u00f9 grave e duratura violazione dei diritti umani dei singoli e delle comunit\u00e0. Oltretutto, l\u2019epidemia di ebola, che dall\u2019inizio di maggio ha colpito il Nord della nazione africana, mette ancora di pi\u00f9 alla prova una popolazione gi\u00e0 devastata dai disordini e dalla guerra.<\/p>\n<p>Nel Congo, al 176\u00b0 posto su 188 per indice di sviluppo umano, 1 bambino su 10 muore prima di aver raggiunto i 5 anni e il reddito pro-capite \u00e8 di 485 dollari all\u2019anno. In questo Avvento di Fraternit\u00e0 vogliamo partecipare con la Parrocchia Santa Maria Regina della Pace di Lukanga alla realizzazione di un sogno: dotare l\u2019ospedale di Lukanga di alcune strumentazioni ospedaliere. E\u2019 il nostro modo di sostenere la popolazione rurale dell\u2019interno di questa difficile provincia.<\/p>\n<p>Per abitare un mondo migliore c\u2019\u00e8 bisogno anche di nuove generazioni educate alla pace e alla giustizia, affinch\u00e9 si facciano promotrici di un\u2019equa distribuzione delle risorse per lo sviluppo sostenibile. A tale scopo la Caritas diocesana e la Pastorale Giovanile si sono coordinate per sensibilizzare i giovani e le comunit\u00e0 parrocchiali sui temi della povert\u00e0, dell\u2019immigrazione, delle disuguaglianze, del divario tra ricchi e poveri, dell\u2019ingiustizia sistemica. A tale scopo, insieme, propongono un viaggio in Senegal di 15 giorni ai giovani dai 18 ai 35 anni. Tema del viaggio \u00e8 \u201cStrade di umanit\u00e0 &#8211; Spirito, arte, pace \u2026. Visitando il Senegal\u201d. \u00c8 stato scelto il Senegal in quanto il Congo \u00e8 impraticabile. Il gruppo che si former\u00e0 visiter\u00e0 Dakar, la capitale; Touba, la citt\u00e0 santa del Mouridismo; Goree, l\u2019isola di partenza degli schiavi; Saint Louis, l\u2019antica capitale; il monastero benedettino di Keur Moussa; la fraternit\u00e0 di Taiz\u00e8 a Dakar; i luoghi ispiratori dei testi di Antoine de Saint-Exup\u00e9ry, soprattutto de \u201cIl piccolo principe\u201d. Il viaggio sar\u00e0 accompagnato da Gianni Novello, della fraternit\u00e0 di Romena e collaboratore di Pax Christi e da un operatore della Caritas diocesana. Per maggiori informazioni rivolgersi al numero 324 5356165, o all\u2019indirizzo mail caritas@arcidiocesigaeta.it<\/p>\n<p>&nbsp;<\/p>\n<p style=\"text-align: right\"><strong>Don Alfredo Micalusi<\/strong><\/p>\n<p style=\"text-align: right\">Direttore Caritas diocesana di Gaeta<\/p>\n<p>&nbsp;<\/p>\n<p>(<em>Articolo pubblicato su Avvenire Lazio 7 il 9 dicembre 2018)<\/em><\/p>\n<p>&nbsp;<\/p>\n<p>ALLEGATO<\/p>\n<p><a href=\"https:\/\/www.caritasgaeta.it\/wp-content\/uploads\/2018\/12\/Locandina-Avvento-di-Fraternit\u00e0-2018.pdf\">Locandina Avvento di Fraternit\u00e0 2018<\/a><\/p>\n","protected":false},"excerpt":{"rendered":"<p>La Caritas e la pastorale giovanile insieme per sensibilizzare sui temi delle varie povert\u00e0 &nbsp; La Caritas non pu\u00f2 restare in silenzio davanti alle ingiustizie che ogni giorno il sistema economico finanziario continua a perpetrare. Non u\u00f2 tacere davanti al grido di aiuto degli ultimi della terra. Per l&#8217;\u201cAvvento di Fraternit\u00e0\u201d, la Caritas diocesana di [&hellip;]<\/p>\n","protected":false},"author":1,"featured_media":534,"comment_status":"open","ping_status":"open","sticky":false,"template":"","format":"standard","meta":{"footnotes":""},"categories":[2],"tags":[22,47,48,49],"class_list":["post-533","post","type-post","status-publish","format-standard","has-post-thumbnail","hentry","category-articoli","tag-avvenire","tag-avvento","tag-direttore","tag-donalfredomicalusi"],"acf":[],"_links":{"self":[{"href":"https:\/\/www.arcidiocesigaeta.it\/caritas\/wp-json\/wp\/v2\/posts\/533","targetHints":{"allow":["GET"]}}],"collection":[{"href":"https:\/\/www.arcidiocesigaeta.it\/caritas\/wp-json\/wp\/v2\/posts"}],"about":[{"href":"https:\/\/www.arcidiocesigaeta.it\/caritas\/wp-json\/wp\/v2\/types\/post"}],"author":[{"embeddable":true,"href":"https:\/\/www.arcidiocesigaeta.it\/caritas\/wp-json\/wp\/v2\/users\/1"}],"replies":[{"embeddable":true,"href":"https:\/\/www.arcidiocesigaeta.it\/caritas\/wp-json\/wp\/v2\/comments?post=533"}],"version-history":[{"count":0,"href":"https:\/\/www.arcidiocesigaeta.it\/caritas\/wp-json\/wp\/v2\/posts\/533\/revisions"}],"wp:featuredmedia":[{"embeddable":true,"href":"https:\/\/www.arcidiocesigaeta.it\/caritas\/wp-json\/wp\/v2\/media\/534"}],"wp:attachment":[{"href":"https:\/\/www.arcidiocesigaeta.it\/caritas\/wp-json\/wp\/v2\/media?parent=533"}],"wp:term":[{"taxonomy":"category","embeddable":true,"href":"https:\/\/www.arcidiocesigaeta.it\/caritas\/wp-json\/wp\/v2\/categories?post=533"},{"taxonomy":"post_tag","embeddable":true,"href":"https:\/\/www.arcidiocesigaeta.it\/caritas\/wp-json\/wp\/v2\/tags?post=533"}],"curies":[{"name":"wp","href":"https:\/\/api.w.org\/{rel}","templated":true}]}}