{"id":537,"date":"2018-12-10T15:02:24","date_gmt":"2018-12-10T14:02:24","guid":{"rendered":"https:\/\/www.caritasgaeta.it\/?p=537"},"modified":"2018-12-10T15:02:24","modified_gmt":"2018-12-10T14:02:24","slug":"avvento-di-fraternita-2018-caritas-gaeta-un-aiuto-ai-nostri-fratelli-del-congo","status":"publish","type":"post","link":"https:\/\/www.arcidiocesigaeta.it\/caritas\/avvento-di-fraternita-2018-caritas-gaeta-un-aiuto-ai-nostri-fratelli-del-congo\/","title":{"rendered":"Avvento di Fraternit\u00e0 2018, Caritas Gaeta: un aiuto ai nostri fratelli del Congo"},"content":{"rendered":"<p>COMUNICATO STAMPA<\/p>\n<p><em>Sull\u2019invito di riflessione di papa Francesco, meta del sostegno dell\u2019Avvento sar\u00e0 il Congo, in guerra da 20 anni e 176\u00b0 posto su 188 per indice di sviluppo umano. Uno sguardo anche alla sensibilizzazione dei pi\u00f9 giovani, Caritas diocesana organizza un viaggio in Senegal per luglio 2019<\/em><\/p>\n<figure id=\"attachment_538\" aria-describedby=\"caption-attachment-538\" style=\"width: 837px\" class=\"wp-caption alignnone\"><img loading=\"lazy\" decoding=\"async\" class=\" wp-image-538\" src=\"https:\/\/www.caritasgaeta.it\/wp-content\/uploads\/2018\/12\/Locandina-Avvento-di-Fraternit\u00e0-2018-640x480.jpg\" alt=\"\" width=\"837\" height=\"628\" \/><figcaption id=\"caption-attachment-538\" class=\"wp-caption-text\"><em>Avvento di Fraternit\u00e0 2018<\/em><\/figcaption><\/figure>\n<p>&nbsp;<\/p>\n<p>La Caritas diocesana ha scelto il Congo come meta cui destinare il sostegno dell\u2019Avvento di Fraternit\u00e0 2018. In particolare i gesti fraterni sono per la popolazione di Lukanga, nella provincia del Nord Kivu. L\u2019input \u00e8 arrivato da papa Francesco lo scorso 23 febbraio, il quale ha richiamato l\u2019attenzione sulla Repubblica Democratica del Congo. Da circa 20 anni, infatti, il Congo \u00e8 in guerra con la complicit\u00e0 dell\u2019Occidente. Complicit\u00e0 offerta per il controllo e lo sfruttamento di quella terra, tra le pi\u00f9 ricche di risorse e allo stesso tempo tra le pi\u00f9 povere al mondo.<br \/>\nNel Congo, che occupa il 176\u00b0 posto su 188 per indice di sviluppo umano, 1 bambino su 10 muore prima di aver raggiunto i 5 anni e il reddito pro-capite \u00e8 di 485 dollari all\u2019anno. Allo stesso tempo e in maniera paradossale, il territorio congolese \u00e8 ricco di minerali, principalmente di Coltan, un minerale che viene utilizzato nell\u2019industria hi-tech per la produzione di smartphone, play station e circuiti elettronici vari. La guerra nell\u2019immenso territorio del Congo rappresenta la pi\u00f9 grave e duratura violazione dei diritti umani dei singoli e delle comunit\u00e0. La situazione \u00e8 aggravata dall\u2019epidemia di ebola che, all\u2019inizio di maggio, ha colpito il Nord della nazione africana.<br \/>\n\u201cLa Caritas non pu\u00f2 restare in silenzio davanti alle ingiustizie che ogni giorno il sistema economico finanziario continua a perpetrare. Non pu\u00f2 tacere davanti al grido di aiuto degli ultimi della terra \u2013 spiega il direttore don Alfredo Micaliusi &#8211; in questo Avvento di Fraternit\u00e0 la Caritas diocesana di Gaeta vuole partecipare con la Parrocchia Santa Maria Regina della Pace di Lukanga alla realizzazione di un sogno: dotare l\u2019ospedale di Lukanga di alcune strumentazioni ospedaliere\u201d.<br \/>\nDue medici congolesi hanno scelto di operare in questa zona, marginale e con salari molto bassi, piuttosto che in citt\u00e0 con possibili migliori guadagni. Aiutando questo ospedale si aiuta perci\u00f2 la popolazione rurale dell\u2019interno di questa difficile provincia. Il Comitato per l\u2019Ospedale ha scritto: \u00abSogniamo di poter costruire un padiglione di cure intensive con un costo di circa 20.000 euro\u00bb.<br \/>\n\u201cPer abitare un mondo migliore c\u2019\u00e8 bisogno anche di nuove generazioni educate alla pace e alla giustizia, affinch\u00e9 si facciano promotrici di un\u2019equa distribuzione delle risorse per lo sviluppo sostenibile \u2013 continua il direttore \u2013 per questo motivo, con la Pastorale Giovanile abbiamo deciso di collaborare per sensibilizzare i giovani ed, attraverso di loro, le intere comunit\u00e0 parrocchiali sui temi, mai come in questo periodo attuali, della povert\u00e0, dell\u2019immigrazione, delle disuguaglianze, del divario tra ricchi e poveri, dell\u2019ingiustizia\u201d.<br \/>\n\u00c8 in questa direzione che va l\u2019attivit\u00e0 post Avvento: un viaggio in Senegal di 15 giorni, nel luglio 2019, rivolto ai giovani dai 18 ai 35 anni. Titolo del viaggio \u00e8 \u201cStrade di umanit\u00e0 &#8211; Spirito, arte, pace \u2026. Visitando il Senegal\u201d. \u00c8 stato scelto il Senegal in quanto il Congo \u00e8 in guerra. I ragazzi e le ragazze che intraprenderanno<br \/>\nquesto percorso visiteranno Dakar, l\u2019interessante capitale, Touba la citt\u00e0 santa del Mouridismo, Goree l\u2019isola di partenza degli schiavi, Saint Louis l\u2019antica capitale, il monastero benedettino di Keur Moussa, la fraternit\u00e0 di Taiz\u00e8 a Dakar, i luoghi ispiratori di testi di Antoine de Saint-Exup\u00e9ry, soprattutto del \u201cPiccolo principe\u201d. Il viaggio sar\u00e0 guidato da Gianni Novello della fraternit\u00e0 di Romena, e da un operatore della Caritas diocesana. Per maggiori informazioni rivolgersi al numero 324 5356165, o all\u2019indirizzo mail caritas@arcidiocesigaeta.it.<\/p>\n<p style=\"text-align: right\"><strong>Equipe Caritas diocesana<\/strong><\/p>\n<p>ALLEGATO<\/p>\n<p><a href=\"https:\/\/www.caritasgaeta.it\/wp-content\/uploads\/2018\/12\/Locandina-Avvento-di-Fraternit\u00e0-2018.pdf\">Locandina Avvento di Fraternit\u00e0 2018 pdf\u00a0<\/a><\/p>\n","protected":false},"excerpt":{"rendered":"<p>COMUNICATO STAMPA Sull\u2019invito di riflessione di papa Francesco, meta del sostegno dell\u2019Avvento sar\u00e0 il Congo, in guerra da 20 anni e 176\u00b0 posto su 188 per indice di sviluppo umano. Uno sguardo anche alla sensibilizzazione dei pi\u00f9 giovani, Caritas diocesana organizza un viaggio in Senegal per luglio 2019 &nbsp; La Caritas diocesana ha scelto il [&hellip;]<\/p>\n","protected":false},"author":1,"featured_media":538,"comment_status":"open","ping_status":"open","sticky":false,"template":"","format":"standard","meta":{"footnotes":""},"categories":[2],"tags":[50,47,37],"class_list":["post-537","post","type-post","status-publish","format-standard","has-post-thumbnail","hentry","category-articoli","tag-africa","tag-avvento","tag-comunicati"],"acf":[],"_links":{"self":[{"href":"https:\/\/www.arcidiocesigaeta.it\/caritas\/wp-json\/wp\/v2\/posts\/537","targetHints":{"allow":["GET"]}}],"collection":[{"href":"https:\/\/www.arcidiocesigaeta.it\/caritas\/wp-json\/wp\/v2\/posts"}],"about":[{"href":"https:\/\/www.arcidiocesigaeta.it\/caritas\/wp-json\/wp\/v2\/types\/post"}],"author":[{"embeddable":true,"href":"https:\/\/www.arcidiocesigaeta.it\/caritas\/wp-json\/wp\/v2\/users\/1"}],"replies":[{"embeddable":true,"href":"https:\/\/www.arcidiocesigaeta.it\/caritas\/wp-json\/wp\/v2\/comments?post=537"}],"version-history":[{"count":0,"href":"https:\/\/www.arcidiocesigaeta.it\/caritas\/wp-json\/wp\/v2\/posts\/537\/revisions"}],"wp:featuredmedia":[{"embeddable":true,"href":"https:\/\/www.arcidiocesigaeta.it\/caritas\/wp-json\/wp\/v2\/media\/538"}],"wp:attachment":[{"href":"https:\/\/www.arcidiocesigaeta.it\/caritas\/wp-json\/wp\/v2\/media?parent=537"}],"wp:term":[{"taxonomy":"category","embeddable":true,"href":"https:\/\/www.arcidiocesigaeta.it\/caritas\/wp-json\/wp\/v2\/categories?post=537"},{"taxonomy":"post_tag","embeddable":true,"href":"https:\/\/www.arcidiocesigaeta.it\/caritas\/wp-json\/wp\/v2\/tags?post=537"}],"curies":[{"name":"wp","href":"https:\/\/api.w.org\/{rel}","templated":true}]}}