{"id":547,"date":"2018-12-13T13:07:38","date_gmt":"2018-12-13T12:07:38","guid":{"rendered":"https:\/\/www.caritasgaeta.it\/?p=547"},"modified":"2018-12-13T13:07:38","modified_gmt":"2018-12-13T12:07:38","slug":"avvento-stay-tuned","status":"publish","type":"post","link":"https:\/\/www.arcidiocesigaeta.it\/caritas\/avvento-stay-tuned\/","title":{"rendered":"Avvento&#8230; stay tuned!"},"content":{"rendered":"<figure id=\"attachment_558\" aria-describedby=\"caption-attachment-558\" style=\"width: 848px\" class=\"wp-caption alignnone\"><img loading=\"lazy\" decoding=\"async\" class=\" wp-image-558\" src=\"https:\/\/www.caritasgaeta.it\/wp-content\/uploads\/2018\/12\/foto_avvento-640x480.jpg\" alt=\"\" width=\"848\" height=\"636\" \/><figcaption id=\"caption-attachment-558\" class=\"wp-caption-text\"><em>Alcuni bambini in Africa<\/em><\/figcaption><\/figure>\n<p align=\"LEFT\">La Caritas diocesana durante l\u2019<strong>Avvento 2018<\/strong> accende i riflettori sulla Repubblica democratica del Congo e propone una riflessione, pi\u00f9 in generale, sulla situazione del continente africano, oggetto di sfruttamento operato dai paesi occidentali a danno dei pi\u00f9 poveri di questo martoriato \u00a0continente. Nella Repubblica democratica del Congo, uno dei paesi pi\u00f9 ricchi di risorse della terra, si combatte da 20 anni una guerra con la complicit\u00e0 dell&#8217;occidente, che mette in pericolo la vita di milioni di persone. La<strong> guerra<\/strong> in <strong>Congo<\/strong> non fa notizia, \u00e8 considerata lontana, quasi non ci riguardasse. Ma essa non \u00e8 cos\u00ec distante dai nostri interessi economici e dalle nostre abitudini quotidiane.<\/p>\n<p align=\"LEFT\"><strong>La Caritas Diocesana e la Pastorale Giovanile<\/strong> decidono, allora,\u00a0di collaborare insieme per sensibilizzare i <strong>giovani<\/strong>, ed attraverso di loro le intere comunit\u00e0 parrocchiali, sui temi, mai come in questo periodo attuali, della povert\u00e0, dell\u2019immigrazione, delle disuguaglianze, del divario tra ricchi e poveri, dell\u2019ingiustizia (<a href=\"https:\/\/www.caritasgaeta.it\/2018\/12\/10\/torna-lavvento-della-fraternita\/\">approfondisci\u00a0progetto<\/a>).<\/p>\n<p align=\"LEFT\">Per maggiori informazioni: 324 5356165 \u2013 email:\u00a0<a href=\"mailto:caritas@arcidiocesigaeta.it\">caritas@arcidiocesigaeta.it<\/a>\u00a0. Per saperne di pi\u00f9 sull&#8217;Avvento e\u00a0sulla difficile quanto reale situazione congolese, consultare gli <strong>allegati in basso<\/strong>. Per un mondo migliore, in un momento particolarmente coinvolgente come l&#8217;Avvento, oltre pregiudizi e falsi miti di presagio, avviciniamoci al prossimo. In esso potremmo trovare Cristo.<\/p>\n<p style=\"text-align: right\" align=\"LEFT\"><strong>Equipe Caritas diocesana<\/strong><\/p>\n<p align=\"LEFT\"><strong>ALLEGATI<\/strong><\/p>\n<p align=\"LEFT\"><a href=\"https:\/\/www.caritasgaeta.it\/wp-content\/uploads\/2018\/12\/AVVENTO-DI-FRATERNIT\u00c0-2018.pdf\">AVVENTO DI FRATERNIT\u00c0 2018<\/a><\/p>\n<p align=\"LEFT\"><a href=\"https:\/\/www.caritasgaeta.it\/wp-content\/uploads\/2018\/12\/Lettera-di-presentazione_Avvento-2018.pdf\">Lettera di presentazione per le parrocchie_Avvento 2018<\/a><\/p>\n<p align=\"LEFT\"><a href=\"https:\/\/www.caritasgaeta.it\/wp-content\/uploads\/2018\/12\/Locandina-Avvento-di-Fraternit\u00e0-2018.pdf\">Locandina Avvento di Fraternit\u00e0 2018_pdf<\/a><\/p>\n<p align=\"LEFT\"><em>Articoli sul Congo:<\/em><\/p>\n<p align=\"LEFT\"><a href=\"https:\/\/www.caritasgaeta.it\/wp-content\/uploads\/2018\/12\/CONGO-IN-FIAMME.pdf\">CONGO IN FIAMME<\/a><\/p>\n<p align=\"LEFT\"><a href=\"https:\/\/www.caritasgaeta.it\/wp-content\/uploads\/2018\/12\/DONNE-RESISTENTI.pdf\">DONNE RESISTENTI<\/a><\/p>\n<p align=\"LEFT\"><a href=\"https:\/\/www.caritasgaeta.it\/wp-content\/uploads\/2018\/12\/NERO-\u00e8-LORO-O-IL-FUTURO.pdf\">NERO \u00e8 L&#8217;ORO, O IL FUTURO<\/a><\/p>\n<p align=\"LEFT\"><a href=\"https:\/\/www.caritasgaeta.it\/wp-content\/uploads\/2018\/12\/NIGRIZIA.pdf\">NIGRIZIA<\/a><\/p>\n<p align=\"LEFT\"><em>Link utili:<\/em><\/p>\n<p align=\"LEFT\"><em>articoli<\/em><\/p>\n<p><a href=\"https:\/\/www.tpi.it\/2018\/06\/06\/guerra-congo-industria-tech-minerali\/#\">https:\/\/www.tpi.it\/2018\/06\/06\/guerra-congo-industria-tech-minerali\/#<\/a><\/p>\n<p><a href=\"https:\/\/formiche.net\/2018\/07\/guerra-dimenticata-congo-masotti\/\">https:\/\/formiche.net\/2018\/07\/guerra-dimenticata-congo-masotti\/<\/a><\/p>\n<p><a href=\"https:\/\/www.osservatoriodiritti.it\/2018\/10\/18\/congo-elezioni-2018-repubblica-democratrica\/\">https:\/\/www.osservatoriodiritti.it\/2018\/10\/18\/congo-elezioni-2018-repubblica-democratrica\/<\/a><\/p>\n<p><a href=\"http:\/\/www.lastampa.it\/2017\/06\/26\/esteri\/congo-viaggio-nellinferno-del-coltan-NfzrJ5le8xFI88KfM3ctYN\/pagina.html\">http:\/\/www.lastampa.it\/2017\/06\/26\/esteri\/congo-viaggio-nellinferno-del-coltan-NfzrJ5le8xFI88KfM3ctYN\/pagina.html<\/a><\/p>\n<p>&nbsp;<\/p>\n<p><em>video<\/em><\/p>\n<p><a href=\"https:\/\/www.youtube.com\/watch?v=d6rQuZ2TThA\" data-rel=\"lightbox-video-0\">https:\/\/www.youtube.com\/watch?v=d6rQuZ2TThA<\/a><\/p>\n<p><a href=\"https:\/\/www.youtube.com\/watch?v=T-ExrWZxK94\" data-rel=\"lightbox-video-1\">https:\/\/www.youtube.com\/watch?v=T-ExrWZxK94<\/a><\/p>\n<p><a href=\"https:\/\/www.youtube.com\/watch?v=WCFKWgu4u1g\" data-rel=\"lightbox-video-2\">https:\/\/www.youtube.com\/watch?v=WCFKWgu4u1g<\/a><\/p>\n<p><a href=\"https:\/\/www.youtube.com\/watch?v=vFhI41XFB_0\" data-rel=\"lightbox-video-3\">https:\/\/www.youtube.com\/watch?v=vFhI41XFB_0<\/a><\/p>\n<p><a href=\"https:\/\/www.youtube.com\/watch?v=JRZyFdm2gbc\" data-rel=\"lightbox-video-4\">https:\/\/www.youtube.com\/watch?v=JRZyFdm2gbc<\/a><\/p>\n<p><a href=\"https:\/\/www.youtube.com\/watch?v=BjZVc5eE37w\" data-rel=\"lightbox-video-5\">https:\/\/www.youtube.com\/watch?v=BjZVc5eE37w<\/a><\/p>\n<p><span style=\"color: #000000;font-family: Calibri\">\u00a0<\/span><\/p>\n<p>[video-responsive url=&#8217;BjZVc5eE37w&#8217;]<\/p>\n<p>&nbsp;<\/p>\n<p><em>(video sul Congo, canale Youtube &#8216;TV2000&#8217;)<\/em><\/p>\n","protected":false},"excerpt":{"rendered":"<p>La Caritas diocesana durante l\u2019Avvento 2018 accende i riflettori sulla Repubblica democratica del Congo e propone una riflessione, pi\u00f9 in generale, sulla situazione del continente africano, oggetto di sfruttamento operato dai paesi occidentali a danno dei pi\u00f9 poveri di questo martoriato \u00a0continente. Nella Repubblica democratica del Congo, uno dei paesi pi\u00f9 ricchi di risorse della [&hellip;]<\/p>\n","protected":false},"author":1,"featured_media":558,"comment_status":"open","ping_status":"open","sticky":false,"template":"","format":"standard","meta":{"footnotes":""},"categories":[2],"tags":[52,47,53],"class_list":["post-547","post","type-post","status-publish","format-standard","has-post-thumbnail","hentry","category-articoli","tag-approfondimenti","tag-avvento","tag-congo"],"acf":[],"_links":{"self":[{"href":"https:\/\/www.arcidiocesigaeta.it\/caritas\/wp-json\/wp\/v2\/posts\/547","targetHints":{"allow":["GET"]}}],"collection":[{"href":"https:\/\/www.arcidiocesigaeta.it\/caritas\/wp-json\/wp\/v2\/posts"}],"about":[{"href":"https:\/\/www.arcidiocesigaeta.it\/caritas\/wp-json\/wp\/v2\/types\/post"}],"author":[{"embeddable":true,"href":"https:\/\/www.arcidiocesigaeta.it\/caritas\/wp-json\/wp\/v2\/users\/1"}],"replies":[{"embeddable":true,"href":"https:\/\/www.arcidiocesigaeta.it\/caritas\/wp-json\/wp\/v2\/comments?post=547"}],"version-history":[{"count":0,"href":"https:\/\/www.arcidiocesigaeta.it\/caritas\/wp-json\/wp\/v2\/posts\/547\/revisions"}],"wp:featuredmedia":[{"embeddable":true,"href":"https:\/\/www.arcidiocesigaeta.it\/caritas\/wp-json\/wp\/v2\/media\/558"}],"wp:attachment":[{"href":"https:\/\/www.arcidiocesigaeta.it\/caritas\/wp-json\/wp\/v2\/media?parent=547"}],"wp:term":[{"taxonomy":"category","embeddable":true,"href":"https:\/\/www.arcidiocesigaeta.it\/caritas\/wp-json\/wp\/v2\/categories?post=547"},{"taxonomy":"post_tag","embeddable":true,"href":"https:\/\/www.arcidiocesigaeta.it\/caritas\/wp-json\/wp\/v2\/tags?post=547"}],"curies":[{"name":"wp","href":"https:\/\/api.w.org\/{rel}","templated":true}]}}