{"id":581,"date":"2019-01-10T13:31:02","date_gmt":"2019-01-10T12:31:02","guid":{"rendered":"https:\/\/www.caritasgaeta.it\/?p=581"},"modified":"2019-01-10T13:31:02","modified_gmt":"2019-01-10T12:31:02","slug":"messaggio-di-papa-francesco-per-il-2019","status":"publish","type":"post","link":"https:\/\/www.arcidiocesigaeta.it\/caritas\/messaggio-di-papa-francesco-per-il-2019\/","title":{"rendered":"Messaggio di papa Francesco per il 2019"},"content":{"rendered":"<p><img loading=\"lazy\" decoding=\"async\" class=\"wp-image-582 aligncenter\" src=\"https:\/\/www.caritasgaeta.it\/wp-content\/uploads\/2019\/01\/papa.francesco.jpeg-640x480.jpg\" alt=\"\" width=\"848\" height=\"636\" \/><\/p>\n<p>Il 2019 \u00e8 iniziato\u00a0con la 52esima\u00a0Giornata Mondiale della Pace, il 1\u00b0 gennaio. Per l&#8217;occasione papa Francesco ha lanciato un messaggio. Caritas diocesana di Gaeta vuole condividerlo con i fedeli della diocesi e con tutti gli utenti del web.<\/p>\n<p>&nbsp;<\/p>\n<p><b>\u00abLa buona politica \u00e8 al servizio della pace\u00bb<\/b><\/p>\n<p><i>Commento:<\/i><\/p>\n<p>La responsabilit\u00e0 politica appartiene ad ogni cittadino, e in particolare a chi ha ricevuto il mandato di proteggere e governare. Questa missione consiste nel salvaguardare il diritto e nell\u2019incoraggiare il dialogo tra gli attori della societ\u00e0, tra le generazioni e tra le culture. Non c\u2019\u00e8 pace senza fiducia reciproca. E la fiducia ha come prima condizione il rispetto della parola data. L\u2019impegno politico \u2013 che \u00e8 una delle pi\u00f9 alte espressioni della carit\u00e0 \u2013 porta la preoccupazione per il futuro della vita e del pianeta, dei pi\u00f9 giovani e dei pi\u00f9 piccoli, nella loro sete di compimento.<\/p>\n<p>Quando l\u2019uomo \u00e8 rispettato nei suoi diritti \u2013 come ricordava San Giovanni XXIII nell\u2019Enciclica\u00a0<i>Pacem in terris<\/i>\u00a0(1963) \u2013 germoglia in lui il senso del dovere di rispettare i diritti degli altri. I diritti e i doveri dell\u2019uomo accrescono la coscienza di appartenere a una stessa comunit\u00e0, con gli altri e con Dio (cfr\u00a0<i>ivi<\/i>, 45). Siamo pertanto chiamati a portare e ad annunciare la pace come la buona notizia di un futuro dove ogni vivente verr\u00e0 considerato nella sua dignit\u00e0 e nei suoi diritti.<\/p>\n<p>&nbsp;<\/p>\n<p><em>(fonte: Bollettino della Sala Stampa della Santa Sede)<\/em><\/p>\n","protected":false},"excerpt":{"rendered":"<p>Il 2019 \u00e8 iniziato\u00a0con la 52esima\u00a0Giornata Mondiale della Pace, il 1\u00b0 gennaio. Per l&#8217;occasione papa Francesco ha lanciato un messaggio. Caritas diocesana di Gaeta vuole condividerlo con i fedeli della diocesi e con tutti gli utenti del web. &nbsp; \u00abLa buona politica \u00e8 al servizio della pace\u00bb Commento: La responsabilit\u00e0 politica appartiene ad ogni cittadino, [&hellip;]<\/p>\n","protected":false},"author":1,"featured_media":582,"comment_status":"open","ping_status":"open","sticky":false,"template":"","format":"standard","meta":{"footnotes":""},"categories":[2],"tags":[54,55,40],"class_list":["post-581","post","type-post","status-publish","format-standard","has-post-thumbnail","hentry","category-articoli","tag-54","tag-giornatamondialedellapace","tag-papa"],"acf":[],"_links":{"self":[{"href":"https:\/\/www.arcidiocesigaeta.it\/caritas\/wp-json\/wp\/v2\/posts\/581","targetHints":{"allow":["GET"]}}],"collection":[{"href":"https:\/\/www.arcidiocesigaeta.it\/caritas\/wp-json\/wp\/v2\/posts"}],"about":[{"href":"https:\/\/www.arcidiocesigaeta.it\/caritas\/wp-json\/wp\/v2\/types\/post"}],"author":[{"embeddable":true,"href":"https:\/\/www.arcidiocesigaeta.it\/caritas\/wp-json\/wp\/v2\/users\/1"}],"replies":[{"embeddable":true,"href":"https:\/\/www.arcidiocesigaeta.it\/caritas\/wp-json\/wp\/v2\/comments?post=581"}],"version-history":[{"count":0,"href":"https:\/\/www.arcidiocesigaeta.it\/caritas\/wp-json\/wp\/v2\/posts\/581\/revisions"}],"wp:featuredmedia":[{"embeddable":true,"href":"https:\/\/www.arcidiocesigaeta.it\/caritas\/wp-json\/wp\/v2\/media\/582"}],"wp:attachment":[{"href":"https:\/\/www.arcidiocesigaeta.it\/caritas\/wp-json\/wp\/v2\/media?parent=581"}],"wp:term":[{"taxonomy":"category","embeddable":true,"href":"https:\/\/www.arcidiocesigaeta.it\/caritas\/wp-json\/wp\/v2\/categories?post=581"},{"taxonomy":"post_tag","embeddable":true,"href":"https:\/\/www.arcidiocesigaeta.it\/caritas\/wp-json\/wp\/v2\/tags?post=581"}],"curies":[{"name":"wp","href":"https:\/\/api.w.org\/{rel}","templated":true}]}}