{"id":193,"date":"2014-09-12T19:17:05","date_gmt":"2014-09-12T19:17:05","guid":{"rendered":"http:\/\/pastoralefamiliaregaeta.altervista.org\/?p=193"},"modified":"2016-11-02T12:26:26","modified_gmt":"2016-11-02T11:26:26","slug":"accendi-luce-in-famiglia","status":"publish","type":"post","link":"https:\/\/www.arcidiocesigaeta.it\/famiglia\/accendi-luce-in-famiglia\/","title":{"rendered":"Accendi una luce in famiglia"},"content":{"rendered":"<p><img loading=\"lazy\" decoding=\"async\" class=\"alignleft  wp-image-192\" src=\"https:\/\/www.arcidiocesigaeta.it\/famiglia\/wp-content\/uploads\/sites\/10\/2014\/09\/AVVENIRE-Locandina-2-213x300.jpg\" alt=\"AVVENIRE Locandina Singola SINODO FAMIGLIE 48X68.indd\" width=\"182\" height=\"256\" srcset=\"https:\/\/www.arcidiocesigaeta.it\/famiglia\/wp-content\/uploads\/sites\/10\/2014\/09\/AVVENIRE-Locandina-2-213x300.jpg 213w, https:\/\/www.arcidiocesigaeta.it\/famiglia\/wp-content\/uploads\/sites\/10\/2014\/09\/AVVENIRE-Locandina-2.jpg 300w\" sizes=\"auto, (max-width: 182px) 100vw, 182px\" \/><em>Conferenza Episcopale Italiana &#8211; Ufficio Nazionale per la pastorale della famiglia<\/em><\/p>\n<p><strong>Preghiera per il Sinodo<\/strong><\/p>\n<p>sabato 4 ottobre, Piazza San Pietro.<\/p>\n<p><!--more--><\/p>\n<p><strong>INFORMAZIONI GENERALI<\/strong><\/p>\n<p>La partecipazione all\u2019incontro di preghiera con il Santo Padre \u00e8 aperta a tutti. Non \u00e8 previsto nessun biglietto per l\u2019accesso in piazza San Pietro. In Piazza San Pietro, i posti a sedere saranno occupati man mano che le persone affluiranno in Piazza. \u00c8 possibile portare con s\u00e9 piccoli sgabelli pieghevoli. Sar\u00e0 possibile l\u2019accesso dai tradizionali varchi di ingresso.<br \/>\n\u00c8 consigliato di non concentrarsi nelle adiacenze della Piazza con troppo anticipo.<\/p>\n<p>Si chiede a tutti i Responsabili di diffondere queste informazioni ai partecipanti per facilitare il lavoro degli addetti alla sicurezza.<br \/>\nL\u2019osservanza di queste indicazioni consentir\u00e0, infatti, un pi\u00f9 veloce ingresso nella Piazza ed il regolare svolgimento delprogramma pomeridiano. Si consiglia, visto la durata dell\u2019evento, di portare con se un quantitativo d\u2019acqua personale.<\/p>\n<p><strong>POSTI RISERVATI ALLE PERSONE DISABILI<\/strong><\/p>\n<p>In Piazza San Pietro per l\u2019incontro di sabato pomeriggio sar\u00e0 riservato un settore per le persone disabili in carrozzina. L\u2019accesso a questo settore avverr\u00e0 dai varchi consueti. Una volta arrivati al varco d\u2019ingresso, gli addetti alla sicurezza e i volontari indicheranno alla persona diversamente abile e ad un accompagnatore, il settore riservato verso il quale dirigersi. Per altre disabilit\u00e0 (sordi, ciechi, sordociechi e altre disabilit\u00e0) comunicare il gruppo e il numero di persone alla segreteria organizzativa.<\/p>\n","protected":false},"excerpt":{"rendered":"<p>Conferenza Episcopale Italiana &#8211; Ufficio Nazionale per la pastorale della famiglia Preghiera per il Sinodo sabato 4 ottobre, Piazza San Pietro.<\/p>\n","protected":false},"author":1,"featured_media":0,"comment_status":"closed","ping_status":"closed","sticky":false,"template":"","format":"standard","meta":{"footnotes":""},"categories":[2,1],"tags":[],"class_list":["post-193","post","type-post","status-publish","format-standard","hentry","category-news","category-senza-categoria"],"acf":[],"yoast_head":"<!-- This site is optimized with the Yoast SEO plugin v25.2 - https:\/\/yoast.com\/wordpress\/plugins\/seo\/ -->\n<title>Accendi una luce in famiglia - Ufficio Diocesano di Pastorale Familiare<\/title>\n<meta name=\"robots\" content=\"index, follow, max-snippet:-1, max-image-preview:large, max-video-preview:-1\" \/>\n<link rel=\"canonical\" href=\"https:\/\/www.arcidiocesigaeta.it\/famiglia\/accendi-luce-in-famiglia\/\" \/>\n<meta property=\"og:locale\" content=\"it_IT\" \/>\n<meta property=\"og:type\" content=\"article\" \/>\n<meta property=\"og:title\" content=\"Accendi una luce in famiglia - Ufficio Diocesano di Pastorale Familiare\" \/>\n<meta property=\"og:description\" content=\"Conferenza Episcopale Italiana &#8211; Ufficio Nazionale per la pastorale della famiglia Preghiera per il Sinodo sabato 4 ottobre, Piazza San Pietro.\" \/>\n<meta property=\"og:url\" content=\"https:\/\/www.arcidiocesigaeta.it\/famiglia\/accendi-luce-in-famiglia\/\" \/>\n<meta property=\"og:site_name\" content=\"Ufficio Diocesano di Pastorale Familiare\" \/>\n<meta property=\"article:published_time\" content=\"2014-09-12T19:17:05+00:00\" \/>\n<meta property=\"article:modified_time\" content=\"2016-11-02T11:26:26+00:00\" \/>\n<meta property=\"og:image\" content=\"https:\/\/www.arcidiocesigaeta.it\/famiglia\/wp-content\/uploads\/2014\/09\/AVVENIRE-Locandina-2-213x300.jpg\" \/>\n<meta name=\"author\" content=\"sEEd_aDm_wP\" \/>\n<meta name=\"twitter:card\" content=\"summary_large_image\" \/>\n<meta name=\"twitter:label1\" content=\"Scritto da\" \/>\n\t<meta name=\"twitter:data1\" content=\"sEEd_aDm_wP\" \/>\n\t<meta name=\"twitter:label2\" content=\"Tempo di lettura stimato\" \/>\n\t<meta name=\"twitter:data2\" content=\"1 minuto\" \/>\n<script type=\"application\/ld+json\" class=\"yoast-schema-graph\">{\"@context\":\"https:\/\/schema.org\",\"@graph\":[{\"@type\":\"WebPage\",\"@id\":\"https:\/\/www.arcidiocesigaeta.it\/famiglia\/accendi-luce-in-famiglia\/\",\"url\":\"https:\/\/www.arcidiocesigaeta.it\/famiglia\/accendi-luce-in-famiglia\/\",\"name\":\"Accendi una luce in famiglia - Ufficio Diocesano di Pastorale Familiare\",\"isPartOf\":{\"@id\":\"https:\/\/www.arcidiocesigaeta.it\/famiglia\/#website\"},\"primaryImageOfPage\":{\"@id\":\"https:\/\/www.arcidiocesigaeta.it\/famiglia\/accendi-luce-in-famiglia\/#primaryimage\"},\"image\":{\"@id\":\"https:\/\/www.arcidiocesigaeta.it\/famiglia\/accendi-luce-in-famiglia\/#primaryimage\"},\"thumbnailUrl\":\"https:\/\/www.arcidiocesigaeta.it\/famiglia\/wp-content\/uploads\/sites\/10\/2014\/09\/AVVENIRE-Locandina-2-213x300.jpg\",\"datePublished\":\"2014-09-12T19:17:05+00:00\",\"dateModified\":\"2016-11-02T11:26:26+00:00\",\"author\":{\"@id\":\"https:\/\/www.arcidiocesigaeta.it\/famiglia\/#\/schema\/person\/4753cf47f527caa66cc25269e64501ee\"},\"breadcrumb\":{\"@id\":\"https:\/\/www.arcidiocesigaeta.it\/famiglia\/accendi-luce-in-famiglia\/#breadcrumb\"},\"inLanguage\":\"it-IT\",\"potentialAction\":[{\"@type\":\"ReadAction\",\"target\":[\"https:\/\/www.arcidiocesigaeta.it\/famiglia\/accendi-luce-in-famiglia\/\"]}]},{\"@type\":\"ImageObject\",\"inLanguage\":\"it-IT\",\"@id\":\"https:\/\/www.arcidiocesigaeta.it\/famiglia\/accendi-luce-in-famiglia\/#primaryimage\",\"url\":\"https:\/\/www.arcidiocesigaeta.it\/famiglia\/wp-content\/uploads\/sites\/10\/2014\/09\/AVVENIRE-Locandina-2.jpg\",\"contentUrl\":\"https:\/\/www.arcidiocesigaeta.it\/famiglia\/wp-content\/uploads\/sites\/10\/2014\/09\/AVVENIRE-Locandina-2.jpg\",\"width\":300,\"height\":422},{\"@type\":\"BreadcrumbList\",\"@id\":\"https:\/\/www.arcidiocesigaeta.it\/famiglia\/accendi-luce-in-famiglia\/#breadcrumb\",\"itemListElement\":[{\"@type\":\"ListItem\",\"position\":1,\"name\":\"Home\",\"item\":\"https:\/\/www.arcidiocesigaeta.it\/famiglia\/\"},{\"@type\":\"ListItem\",\"position\":2,\"name\":\"Accendi una luce in famiglia\"}]},{\"@type\":\"WebSite\",\"@id\":\"https:\/\/www.arcidiocesigaeta.it\/famiglia\/#website\",\"url\":\"https:\/\/www.arcidiocesigaeta.it\/famiglia\/\",\"name\":\"Ufficio Diocesano di Pastorale Familiare\",\"description\":\"Arcidiocesi di Gaeta\",\"potentialAction\":[{\"@type\":\"SearchAction\",\"target\":{\"@type\":\"EntryPoint\",\"urlTemplate\":\"https:\/\/www.arcidiocesigaeta.it\/famiglia\/?s={search_term_string}\"},\"query-input\":{\"@type\":\"PropertyValueSpecification\",\"valueRequired\":true,\"valueName\":\"search_term_string\"}}],\"inLanguage\":\"it-IT\"}]}<\/script>\n<!-- \/ Yoast SEO plugin. -->","yoast_head_json":{"title":"Accendi una luce in famiglia - Ufficio Diocesano di Pastorale Familiare","robots":{"index":"index","follow":"follow","max-snippet":"max-snippet:-1","max-image-preview":"max-image-preview:large","max-video-preview":"max-video-preview:-1"},"canonical":"https:\/\/www.arcidiocesigaeta.it\/famiglia\/accendi-luce-in-famiglia\/","og_locale":"it_IT","og_type":"article","og_title":"Accendi una luce in famiglia - Ufficio Diocesano di Pastorale Familiare","og_description":"Conferenza Episcopale Italiana &#8211; Ufficio Nazionale per la pastorale della famiglia Preghiera per il Sinodo sabato 4 ottobre, Piazza San Pietro.","og_url":"https:\/\/www.arcidiocesigaeta.it\/famiglia\/accendi-luce-in-famiglia\/","og_site_name":"Ufficio Diocesano di Pastorale Familiare","article_published_time":"2014-09-12T19:17:05+00:00","article_modified_time":"2016-11-02T11:26:26+00:00","og_image":[{"url":"https:\/\/www.arcidiocesigaeta.it\/famiglia\/wp-content\/uploads\/2014\/09\/AVVENIRE-Locandina-2-213x300.jpg","type":"","width":"","height":""}],"author":"sEEd_aDm_wP","twitter_card":"summary_large_image","twitter_misc":{"Scritto da":"sEEd_aDm_wP","Tempo di lettura stimato":"1 minuto"},"schema":{"@context":"https:\/\/schema.org","@graph":[{"@type":"WebPage","@id":"https:\/\/www.arcidiocesigaeta.it\/famiglia\/accendi-luce-in-famiglia\/","url":"https:\/\/www.arcidiocesigaeta.it\/famiglia\/accendi-luce-in-famiglia\/","name":"Accendi una luce in famiglia - Ufficio Diocesano di Pastorale Familiare","isPartOf":{"@id":"https:\/\/www.arcidiocesigaeta.it\/famiglia\/#website"},"primaryImageOfPage":{"@id":"https:\/\/www.arcidiocesigaeta.it\/famiglia\/accendi-luce-in-famiglia\/#primaryimage"},"image":{"@id":"https:\/\/www.arcidiocesigaeta.it\/famiglia\/accendi-luce-in-famiglia\/#primaryimage"},"thumbnailUrl":"https:\/\/www.arcidiocesigaeta.it\/famiglia\/wp-content\/uploads\/sites\/10\/2014\/09\/AVVENIRE-Locandina-2-213x300.jpg","datePublished":"2014-09-12T19:17:05+00:00","dateModified":"2016-11-02T11:26:26+00:00","author":{"@id":"https:\/\/www.arcidiocesigaeta.it\/famiglia\/#\/schema\/person\/4753cf47f527caa66cc25269e64501ee"},"breadcrumb":{"@id":"https:\/\/www.arcidiocesigaeta.it\/famiglia\/accendi-luce-in-famiglia\/#breadcrumb"},"inLanguage":"it-IT","potentialAction":[{"@type":"ReadAction","target":["https:\/\/www.arcidiocesigaeta.it\/famiglia\/accendi-luce-in-famiglia\/"]}]},{"@type":"ImageObject","inLanguage":"it-IT","@id":"https:\/\/www.arcidiocesigaeta.it\/famiglia\/accendi-luce-in-famiglia\/#primaryimage","url":"https:\/\/www.arcidiocesigaeta.it\/famiglia\/wp-content\/uploads\/sites\/10\/2014\/09\/AVVENIRE-Locandina-2.jpg","contentUrl":"https:\/\/www.arcidiocesigaeta.it\/famiglia\/wp-content\/uploads\/sites\/10\/2014\/09\/AVVENIRE-Locandina-2.jpg","width":300,"height":422},{"@type":"BreadcrumbList","@id":"https:\/\/www.arcidiocesigaeta.it\/famiglia\/accendi-luce-in-famiglia\/#breadcrumb","itemListElement":[{"@type":"ListItem","position":1,"name":"Home","item":"https:\/\/www.arcidiocesigaeta.it\/famiglia\/"},{"@type":"ListItem","position":2,"name":"Accendi una luce in famiglia"}]},{"@type":"WebSite","@id":"https:\/\/www.arcidiocesigaeta.it\/famiglia\/#website","url":"https:\/\/www.arcidiocesigaeta.it\/famiglia\/","name":"Ufficio Diocesano di Pastorale Familiare","description":"Arcidiocesi di Gaeta","potentialAction":[{"@type":"SearchAction","target":{"@type":"EntryPoint","urlTemplate":"https:\/\/www.arcidiocesigaeta.it\/famiglia\/?s={search_term_string}"},"query-input":{"@type":"PropertyValueSpecification","valueRequired":true,"valueName":"search_term_string"}}],"inLanguage":"it-IT"}]}},"_links":{"self":[{"href":"https:\/\/www.arcidiocesigaeta.it\/famiglia\/wp-json\/wp\/v2\/posts\/193","targetHints":{"allow":["GET"]}}],"collection":[{"href":"https:\/\/www.arcidiocesigaeta.it\/famiglia\/wp-json\/wp\/v2\/posts"}],"about":[{"href":"https:\/\/www.arcidiocesigaeta.it\/famiglia\/wp-json\/wp\/v2\/types\/post"}],"author":[{"embeddable":true,"href":"https:\/\/www.arcidiocesigaeta.it\/famiglia\/wp-json\/wp\/v2\/users\/1"}],"replies":[{"embeddable":true,"href":"https:\/\/www.arcidiocesigaeta.it\/famiglia\/wp-json\/wp\/v2\/comments?post=193"}],"version-history":[{"count":2,"href":"https:\/\/www.arcidiocesigaeta.it\/famiglia\/wp-json\/wp\/v2\/posts\/193\/revisions"}],"predecessor-version":[{"id":662,"href":"https:\/\/www.arcidiocesigaeta.it\/famiglia\/wp-json\/wp\/v2\/posts\/193\/revisions\/662"}],"wp:attachment":[{"href":"https:\/\/www.arcidiocesigaeta.it\/famiglia\/wp-json\/wp\/v2\/media?parent=193"}],"wp:term":[{"taxonomy":"category","embeddable":true,"href":"https:\/\/www.arcidiocesigaeta.it\/famiglia\/wp-json\/wp\/v2\/categories?post=193"},{"taxonomy":"post_tag","embeddable":true,"href":"https:\/\/www.arcidiocesigaeta.it\/famiglia\/wp-json\/wp\/v2\/tags?post=193"}],"curies":[{"name":"wp","href":"https:\/\/api.w.org\/{rel}","templated":true}]}}